{"id":267,"date":"2026-03-29T17:02:35","date_gmt":"2026-03-29T15:02:35","guid":{"rendered":"http:\/\/naturheilpraxis.topcu.de\/?p=267"},"modified":"2026-03-29T17:02:35","modified_gmt":"2026-03-29T15:02:35","slug":"vielen-dank","status":"publish","type":"post","link":"http:\/\/naturheilpraxis.topcu.de\/?p=267","title":{"rendered":"Vielen Dank"},"content":{"rendered":"\n<p>Liebe Patientinnen und Patienten,<\/p>\n\n\n\n<p>nach vielen erf\u00fcllenden Jahren in meiner Praxis habe ich mich dazu entschieden, meine T\u00e4tigkeit als Heilpraktikerin zum 31. M\u00e4rz 2026 zu beenden.<\/p>\n\n\n\n<p>Dieser Schritt f\u00e4llt mir nicht leicht, denn die Begegnungen mit Ihnen, Ihr Vertrauen und die gemeinsamen Wege haben meine Arbeit stets bereichert und mit Sinn erf\u00fcllt. Besonders danke ich Ihnen f\u00fcr Ihre langj\u00e4hrige Treue und das Vertrauen, das Sie mir entgegengebracht haben.<\/p>\n\n\n\n<p>Es war mir eine gro\u00dfe Freude und Ehre, Sie ein St\u00fcck Ihres Weges begleiten zu d\u00fcrfen.<\/p>\n\n\n\n<p>F\u00fcr Ihre Zukunft w\u00fcnsche ich Ihnen von Herzen Gesundheit, Zufriedenheit und alles Gute.<\/p>\n\n\n\n<p>Mit herzlichen Gr\u00fc\u00dfen<\/p>\n\n\n\n<p>M\u00fcjgan Topcu\u00a0<br>Heilpraktikerin\u00a0<\/p>\n\n\n\n<p><\/p>\n\n\n\n<p>De\u011ferli dan\u0131\u015fanlar\u0131m,&nbsp;<\/p>\n\n\n\n<p>Uzun y\u0131llar b\u00fcy\u00fck bir memnuniyetle s\u00fcrd\u00fcrd\u00fc\u011f\u00fcm muayenehane faaliyetlerimi 31 Mart 2026 itibar\u0131yla sonland\u0131rma karar\u0131 ald\u0131m.<\/p>\n\n\n\n<p>Bu karar\u0131 vermek benim i\u00e7in kolay olmad\u0131. Sizinle olan kar\u015f\u0131la\u015fmalar\u0131m, bana duydu\u011funuz g\u00fcven ve birlikte y\u00fcr\u00fcd\u00fc\u011f\u00fcm\u00fcz bu yol, mesle\u011fime her zaman anlam katt\u0131. \u00d6zellikle uzun y\u0131llard\u0131r bana g\u00f6sterdi\u011finiz g\u00fcven ve ba\u011fl\u0131l\u0131k i\u00e7in sizlere i\u00e7tenlikle te\u015fekk\u00fcr ederim.<\/p>\n\n\n\n<p>Sizin ya\u015fam yolculu\u011funuzda bir s\u00fcre de olsa size e\u015flik edebilmek benim i\u00e7in b\u00fcy\u00fck bir mutluluk ve onurdu.<\/p>\n\n\n\n<p>Gelece\u011finiz i\u00e7in sa\u011fl\u0131k, huzur ve mutluluk diliyorum.<\/p>\n\n\n\n<p>Sayg\u0131 ve sevgilerimle<\/p>\n\n\n\n<p>M\u00fcjgan Topcu\u00a0<br>Heilpraktikerin<\/p>\n","protected":false},"excerpt":{"rendered":"<p>Liebe Patientinnen und Patienten, nach vielen erf\u00fcllenden Jahren in meiner Praxis habe ich mich dazu entschieden, meine T\u00e4tigkeit als Heilpraktikerin zum 31. M\u00e4rz 2026 zu beenden. Dieser Schritt f\u00e4llt mir nicht leicht, denn die Begegnungen mit Ihnen, Ihr Vertrauen und &hellip; <a href=\"http:\/\/naturheilpraxis.topcu.de\/?p=267\">Weiterlesen <span class=\"meta-nav\">&rarr;<\/span><\/a><\/p>\n","protected":false},"author":1,"featured_media":0,"comment_status":"closed","ping_status":"closed","sticky":false,"template":"","format":"standard","meta":{"footnotes":""},"categories":[1],"tags":[],"class_list":["post-267","post","type-post","status-publish","format-standard","hentry","category-allgemein"],"_links":{"self":[{"href":"http:\/\/naturheilpraxis.topcu.de\/index.php?rest_route=\/wp\/v2\/posts\/267","targetHints":{"allow":["GET"]}}],"collection":[{"href":"http:\/\/naturheilpraxis.topcu.de\/index.php?rest_route=\/wp\/v2\/posts"}],"about":[{"href":"http:\/\/naturheilpraxis.topcu.de\/index.php?rest_route=\/wp\/v2\/types\/post"}],"author":[{"embeddable":true,"href":"http:\/\/naturheilpraxis.topcu.de\/index.php?rest_route=\/wp\/v2\/users\/1"}],"replies":[{"embeddable":true,"href":"http:\/\/naturheilpraxis.topcu.de\/index.php?rest_route=%2Fwp%2Fv2%2Fcomments&post=267"}],"version-history":[{"count":1,"href":"http:\/\/naturheilpraxis.topcu.de\/index.php?rest_route=\/wp\/v2\/posts\/267\/revisions"}],"predecessor-version":[{"id":268,"href":"http:\/\/naturheilpraxis.topcu.de\/index.php?rest_route=\/wp\/v2\/posts\/267\/revisions\/268"}],"wp:attachment":[{"href":"http:\/\/naturheilpraxis.topcu.de\/index.php?rest_route=%2Fwp%2Fv2%2Fmedia&parent=267"}],"wp:term":[{"taxonomy":"category","embeddable":true,"href":"http:\/\/naturheilpraxis.topcu.de\/index.php?rest_route=%2Fwp%2Fv2%2Fcategories&post=267"},{"taxonomy":"post_tag","embeddable":true,"href":"http:\/\/naturheilpraxis.topcu.de\/index.php?rest_route=%2Fwp%2Fv2%2Ftags&post=267"}],"curies":[{"name":"wp","href":"https:\/\/api.w.org\/{rel}","templated":true}]}}